{"id":7916,"date":"2026-01-06T14:18:04","date_gmt":"2026-01-06T13:18:04","guid":{"rendered":"https:\/\/www.data-talk.eu\/novy-rok-nove-prostredi\/"},"modified":"2026-01-07T13:24:55","modified_gmt":"2026-01-07T12:24:55","slug":"novy-rok-nove-prostredi","status":"publish","type":"post","link":"https:\/\/www.data-talk.eu\/cs\/novy-rok-nove-prostredi\/","title":{"rendered":"Nov\u00fd rok, nov\u00e9 prost\u0159ed\u00ed"},"content":{"rendered":"\n<div style=\"height:20px\" aria-hidden=\"true\" class=\"wp-block-spacer\"><\/div>\n<div class=\"betterdocs-reading-time-byx8tlb\"><div class=\"reading-time betterdocs\">\n\t<p>\n\t\t<svg width=\"14\" viewBox=\"0 0 14 15\" fill=\"none\" xmlns=\"http:\/\/www.w3.org\/2000\/svg\">\n\t\t\t<mask id=\"mask0_6195_23752\" style=\"mask-type:alpha\" maskUnits=\"userSpaceOnUse\" x=\"0\" y=\"0\">\n\t\t\t<rect y=\"0.5\" width=\"14\" height=\"14\" fill=\"#D9D9D9\"\/>\n\t\t\t<\/mask>\n\t\t\t<g mask=\"url(#mask0_6195_23752)\">\n\t\t\t<path d=\"M8.92508 10.241L9.74175 9.42435L7.58341 7.26602V4.58268H6.41675V7.73268L8.92508 10.241ZM7.00008 13.3327C6.19314 13.3327 5.4348 13.1796 4.72508 12.8733C4.01536 12.5671 3.398 12.1514 2.873 11.6264C2.348 11.1014 1.93237 10.4841 1.62612 9.77435C1.31987 9.06463 1.16675 8.30629 1.16675 7.49935C1.16675 6.6924 1.31987 5.93407 1.62612 5.22435C1.93237 4.51463 2.348 3.89727 2.873 3.37227C3.398 2.84727 4.01536 2.43164 4.72508 2.12539C5.4348 1.81914 6.19314 1.66602 7.00008 1.66602C7.80703 1.66602 8.56536 1.81914 9.27508 2.12539C9.9848 2.43164 10.6022 2.84727 11.1272 3.37227C11.6522 3.89727 12.0678 4.51463 12.374 5.22435C12.6803 5.93407 12.8334 6.6924 12.8334 7.49935C12.8334 8.30629 12.6803 9.06463 12.374 9.77435C12.0678 10.4841 11.6522 11.1014 11.1272 11.6264C10.6022 12.1514 9.9848 12.5671 9.27508 12.8733C8.56536 13.1796 7.80703 13.3327 7.00008 13.3327ZM7.00008 12.166C8.29314 12.166 9.39418 11.7115 10.3032 10.8025C11.2122 9.89345 11.6667 8.7924 11.6667 7.49935C11.6667 6.20629 11.2122 5.10525 10.3032 4.19622C9.39418 3.2872 8.29314 2.83268 7.00008 2.83268C5.70703 2.83268 4.60598 3.2872 3.69696 4.19622C2.78793 5.10525 2.33341 6.20629 2.33341 7.49935C2.33341 8.7924 2.78793 9.89345 3.69696 10.8025C4.60598 11.7115 5.70703 12.166 7.00008 12.166Z\" fill=\"#667085\"\/>\n\t\t\t<\/g>\n\t\t<\/svg>\n\t\t&lt; 1 min read\t<\/p>\n<\/div>\n<\/div>\n<h2 class=\"wp-block-heading has-xx-large-font-size\">Nov\u00fd rok, nov\u00e9 prost\u0159ed\u00ed <\/h2>\n\n<p><strong>\u0160\u0165astn\u00fd nov\u00fd rok<\/strong> \u0160\u0165astn\u00fd nov\u00fd rok! Na oslavu nov\u00e9ho roku \u2013 a tak\u00e9 proto, \u017ee jsme letos byli opravdu hodn\u00ed \ud83d\ude0a, jsme si nad\u011blili mal\u00fd d\u00e1rek: zcela nov\u00e9 kancel\u00e1\u0159e pro na\u0161e v\u00fdvojov\u00e9 odd\u011blen\u00ed! <\/p>\n\n<div style=\"height:10px\" aria-hidden=\"true\" class=\"wp-block-spacer\"><\/div>\n\n<figure class=\"wp-block-image size-full\"><img loading=\"lazy\" decoding=\"async\" width=\"1025\" height=\"1024\" src=\"https:\/\/www.data-talk.eu\/wp-content\/uploads\/2026\/01\/Building-the-future-team.webp\" alt=\"\" class=\"wp-image-7912\" srcset=\"https:\/\/www.data-talk.eu\/wp-content\/uploads\/2026\/01\/Building-the-future-team.webp 1025w, https:\/\/www.data-talk.eu\/wp-content\/uploads\/2026\/01\/Building-the-future-team-300x300.webp 300w, https:\/\/www.data-talk.eu\/wp-content\/uploads\/2026\/01\/Building-the-future-team-150x150.webp 150w, https:\/\/www.data-talk.eu\/wp-content\/uploads\/2026\/01\/Building-the-future-team-768x767.webp 768w\" sizes=\"auto, (max-width: 1025px) 100vw, 1025px\" \/><\/figure>\n\n<div style=\"height:10px\" aria-hidden=\"true\" class=\"wp-block-spacer\"><\/div>\n\n<p>Dal\u0161\u00ed krok v r\u016fstu na\u0161\u00ed spole\u010dnosti:<\/p>\n\n<p>Na\u0161e v\u00fdvojov\u00e9 odd\u011blen\u00ed se st\u011bhuje do v\u00fdjime\u010dn\u00e9 historick\u00e9 budovy:<\/p>\n\n<ul class=\"wp-block-list\">\n<li>postaven\u00e9 v letech <strong>1926\u20131927<\/strong>, p\u016fvodn\u011b jako soukrom\u00e1 vila<\/li>\n\n\n\n<li><strong>navr\u017een\u00e9 architektem Anton\u00ednem Pfeiffere<\/strong>m, \u017e\u00e1kem Jana Kot\u011bry<\/li>\n\n\n\n<li>kter\u00e1 se nyn\u00ed st\u00e1v\u00e1 nov\u00fdm domovem v\u00fdvojov\u00e9ho t\u00fdmu<\/li>\n<\/ul>\n\n<p>Jsme hrd\u00ed, \u017ee m\u016f\u017eeme vym\u00fd\u0161let inovace a novinky v m\u00edst\u011b s tak siln\u00fdm architektonick\u00fdm odkazem \u2013 tam, kde se <strong>historie potk\u00e1v\u00e1 s budoucnost\u00ed<\/strong>.<\/p>\n","protected":false},"excerpt":{"rendered":"<p>Happy New Year! To celebrate a fresh start and because we\u2019ve been extra good <\/p>\n","protected":false},"author":5,"featured_media":7910,"comment_status":"open","ping_status":"open","sticky":false,"template":"","format":"standard","meta":{"_uag_custom_page_level_css":"","_swt_meta_header_display":false,"_swt_meta_footer_display":false,"_swt_meta_site_title_display":false,"_swt_meta_sticky_header":false,"_swt_meta_transparent_header":false,"footnotes":""},"categories":[75],"tags":[],"class_list":["post-7916","post","type-post","status-publish","format-standard","has-post-thumbnail","hentry","category-novinky"],"yoast_head":"<!-- This site is optimized with the Yoast SEO plugin v27.4 - https:\/\/yoast.com\/product\/yoast-seo-wordpress\/ -->\n<title>Nov\u00e9 v\u00fdvojov\u00e9 centrum<\/title>\n<meta name=\"description\" content=\"Proto\u017ee jsme letos byli opravdu hodn\u00ed \ud83d\ude0a, nad\u011blili jsme si mal\u00fd d\u00e1rek: zcela nov\u00e9 kancel\u00e1\u0159e pro na\u0161e v\u00fdvojov\u00e9 odd\u011blen\u00ed!\" \/>\n<meta name=\"robots\" content=\"index, follow, max-snippet:-1, max-image-preview:large, max-video-preview:-1\" \/>\n<link rel=\"canonical\" href=\"https:\/\/www.data-talk.eu\/cs\/novy-rok-nove-prostredi\/\" \/>\n<meta property=\"og:locale\" content=\"cs_CZ\" \/>\n<meta property=\"og:type\" content=\"article\" \/>\n<meta property=\"og:title\" content=\"Nov\u00e9 v\u00fdvojov\u00e9 centrum\" \/>\n<meta property=\"og:description\" content=\"Proto\u017ee jsme letos byli opravdu hodn\u00ed \ud83d\ude0a, nad\u011blili jsme si mal\u00fd d\u00e1rek: zcela nov\u00e9 kancel\u00e1\u0159e pro na\u0161e v\u00fdvojov\u00e9 odd\u011blen\u00ed!\" \/>\n<meta property=\"og:url\" content=\"https:\/\/www.data-talk.eu\/cs\/novy-rok-nove-prostredi\/\" \/>\n<meta property=\"og:site_name\" content=\"data-talk.eu\" \/>\n<meta property=\"article:published_time\" content=\"2026-01-06T13:18:04+00:00\" \/>\n<meta property=\"article:modified_time\" content=\"2026-01-07T12:24:55+00:00\" \/>\n<meta property=\"og:image\" content=\"https:\/\/www.data-talk.eu\/wp-content\/uploads\/2026\/01\/Building-the-future-cover.webp\" \/>\n\t<meta property=\"og:image:width\" content=\"1024\" \/>\n\t<meta property=\"og:image:height\" content=\"1024\" \/>\n\t<meta property=\"og:image:type\" content=\"image\/webp\" \/>\n<meta name=\"author\" content=\"DataTalk\" \/>\n<meta name=\"twitter:card\" content=\"summary_large_image\" \/>\n<meta name=\"twitter:label1\" content=\"Napsal(a)\" \/>\n\t<meta name=\"twitter:data1\" content=\"DataTalk\" \/>\n\t<meta name=\"twitter:label2\" content=\"Odhadovan\u00e1 doba \u010dten\u00ed\" \/>\n\t<meta name=\"twitter:data2\" content=\"1 minuta\" \/>\n<script type=\"application\/ld+json\" class=\"yoast-schema-graph\">{\"@context\":\"https:\\\/\\\/schema.org\",\"@graph\":[{\"@type\":\"Article\",\"@id\":\"https:\\\/\\\/www.data-talk.eu\\\/cs\\\/novy-rok-nove-prostredi\\\/#article\",\"isPartOf\":{\"@id\":\"https:\\\/\\\/www.data-talk.eu\\\/cs\\\/novy-rok-nove-prostredi\\\/\"},\"author\":{\"name\":\"DataTalk\",\"@id\":\"https:\\\/\\\/www.data-talk.eu\\\/#\\\/schema\\\/person\\\/0b92f5798b28821246d98b96a67161a8\"},\"headline\":\"Nov\u00fd rok, nov\u00e9 prost\u0159ed\u00ed\",\"datePublished\":\"2026-01-06T13:18:04+00:00\",\"dateModified\":\"2026-01-07T12:24:55+00:00\",\"mainEntityOfPage\":{\"@id\":\"https:\\\/\\\/www.data-talk.eu\\\/cs\\\/novy-rok-nove-prostredi\\\/\"},\"wordCount\":130,\"commentCount\":0,\"image\":{\"@id\":\"https:\\\/\\\/www.data-talk.eu\\\/cs\\\/novy-rok-nove-prostredi\\\/#primaryimage\"},\"thumbnailUrl\":\"https:\\\/\\\/www.data-talk.eu\\\/wp-content\\\/uploads\\\/2026\\\/01\\\/Building-the-future-cover.webp\",\"articleSection\":[\"Novinky\"],\"inLanguage\":\"cs\",\"potentialAction\":[{\"@type\":\"CommentAction\",\"name\":\"Comment\",\"target\":[\"https:\\\/\\\/www.data-talk.eu\\\/cs\\\/novy-rok-nove-prostredi\\\/#respond\"]}]},{\"@type\":\"WebPage\",\"@id\":\"https:\\\/\\\/www.data-talk.eu\\\/cs\\\/novy-rok-nove-prostredi\\\/\",\"url\":\"https:\\\/\\\/www.data-talk.eu\\\/cs\\\/novy-rok-nove-prostredi\\\/\",\"name\":\"Nov\u00e9 v\u00fdvojov\u00e9 centrum\",\"isPartOf\":{\"@id\":\"https:\\\/\\\/www.data-talk.eu\\\/#website\"},\"primaryImageOfPage\":{\"@id\":\"https:\\\/\\\/www.data-talk.eu\\\/cs\\\/novy-rok-nove-prostredi\\\/#primaryimage\"},\"image\":{\"@id\":\"https:\\\/\\\/www.data-talk.eu\\\/cs\\\/novy-rok-nove-prostredi\\\/#primaryimage\"},\"thumbnailUrl\":\"https:\\\/\\\/www.data-talk.eu\\\/wp-content\\\/uploads\\\/2026\\\/01\\\/Building-the-future-cover.webp\",\"datePublished\":\"2026-01-06T13:18:04+00:00\",\"dateModified\":\"2026-01-07T12:24:55+00:00\",\"author\":{\"@id\":\"https:\\\/\\\/www.data-talk.eu\\\/#\\\/schema\\\/person\\\/0b92f5798b28821246d98b96a67161a8\"},\"description\":\"Proto\u017ee jsme letos byli opravdu hodn\u00ed \ud83d\ude0a, nad\u011blili jsme si mal\u00fd d\u00e1rek: zcela nov\u00e9 kancel\u00e1\u0159e pro na\u0161e v\u00fdvojov\u00e9 odd\u011blen\u00ed!\",\"breadcrumb\":{\"@id\":\"https:\\\/\\\/www.data-talk.eu\\\/cs\\\/novy-rok-nove-prostredi\\\/#breadcrumb\"},\"inLanguage\":\"cs\",\"potentialAction\":[{\"@type\":\"ReadAction\",\"target\":[\"https:\\\/\\\/www.data-talk.eu\\\/cs\\\/novy-rok-nove-prostredi\\\/\"]}]},{\"@type\":\"ImageObject\",\"inLanguage\":\"cs\",\"@id\":\"https:\\\/\\\/www.data-talk.eu\\\/cs\\\/novy-rok-nove-prostredi\\\/#primaryimage\",\"url\":\"https:\\\/\\\/www.data-talk.eu\\\/wp-content\\\/uploads\\\/2026\\\/01\\\/Building-the-future-cover.webp\",\"contentUrl\":\"https:\\\/\\\/www.data-talk.eu\\\/wp-content\\\/uploads\\\/2026\\\/01\\\/Building-the-future-cover.webp\",\"width\":1024,\"height\":1024,\"caption\":\"DataTalk vila\"},{\"@type\":\"BreadcrumbList\",\"@id\":\"https:\\\/\\\/www.data-talk.eu\\\/cs\\\/novy-rok-nove-prostredi\\\/#breadcrumb\",\"itemListElement\":[{\"@type\":\"ListItem\",\"position\":1,\"name\":\"Dom\u016f\",\"item\":\"https:\\\/\\\/www.data-talk.eu\\\/cs\\\/\"},{\"@type\":\"ListItem\",\"position\":2,\"name\":\"Nov\u00fd rok, nov\u00e9 prost\u0159ed\u00ed\"}]},{\"@type\":\"WebSite\",\"@id\":\"https:\\\/\\\/www.data-talk.eu\\\/#website\",\"url\":\"https:\\\/\\\/www.data-talk.eu\\\/\",\"name\":\"data-talk.eu\",\"description\":\"DataTalk\",\"potentialAction\":[{\"@type\":\"SearchAction\",\"target\":{\"@type\":\"EntryPoint\",\"urlTemplate\":\"https:\\\/\\\/www.data-talk.eu\\\/?s={search_term_string}\"},\"query-input\":{\"@type\":\"PropertyValueSpecification\",\"valueRequired\":true,\"valueName\":\"search_term_string\"}}],\"inLanguage\":\"cs\"},{\"@type\":\"Person\",\"@id\":\"https:\\\/\\\/www.data-talk.eu\\\/#\\\/schema\\\/person\\\/0b92f5798b28821246d98b96a67161a8\",\"name\":\"DataTalk\",\"image\":{\"@type\":\"ImageObject\",\"inLanguage\":\"cs\",\"@id\":\"https:\\\/\\\/secure.gravatar.com\\\/avatar\\\/426a23f3fdd7d29cdb11bb518fdfe3945aaf9b6e7906a462687ab0bc0d37501c?s=96&d=mm&r=g\",\"url\":\"https:\\\/\\\/secure.gravatar.com\\\/avatar\\\/426a23f3fdd7d29cdb11bb518fdfe3945aaf9b6e7906a462687ab0bc0d37501c?s=96&d=mm&r=g\",\"contentUrl\":\"https:\\\/\\\/secure.gravatar.com\\\/avatar\\\/426a23f3fdd7d29cdb11bb518fdfe3945aaf9b6e7906a462687ab0bc0d37501c?s=96&d=mm&r=g\",\"caption\":\"DataTalk\"},\"url\":\"https:\\\/\\\/www.data-talk.eu\\\/cs\\\/author\\\/bplaminkova\\\/\"}]}<\/script>\n<!-- \/ Yoast SEO plugin. -->","yoast_head_json":{"title":"Nov\u00e9 v\u00fdvojov\u00e9 centrum","description":"Proto\u017ee jsme letos byli opravdu hodn\u00ed \ud83d\ude0a, nad\u011blili jsme si mal\u00fd d\u00e1rek: zcela nov\u00e9 kancel\u00e1\u0159e pro na\u0161e v\u00fdvojov\u00e9 odd\u011blen\u00ed!","robots":{"index":"index","follow":"follow","max-snippet":"max-snippet:-1","max-image-preview":"max-image-preview:large","max-video-preview":"max-video-preview:-1"},"canonical":"https:\/\/www.data-talk.eu\/cs\/novy-rok-nove-prostredi\/","og_locale":"cs_CZ","og_type":"article","og_title":"Nov\u00e9 v\u00fdvojov\u00e9 centrum","og_description":"Proto\u017ee jsme letos byli opravdu hodn\u00ed \ud83d\ude0a, nad\u011blili jsme si mal\u00fd d\u00e1rek: zcela nov\u00e9 kancel\u00e1\u0159e pro na\u0161e v\u00fdvojov\u00e9 odd\u011blen\u00ed!","og_url":"https:\/\/www.data-talk.eu\/cs\/novy-rok-nove-prostredi\/","og_site_name":"data-talk.eu","article_published_time":"2026-01-06T13:18:04+00:00","article_modified_time":"2026-01-07T12:24:55+00:00","og_image":[{"width":1024,"height":1024,"url":"https:\/\/www.data-talk.eu\/wp-content\/uploads\/2026\/01\/Building-the-future-cover.webp","type":"image\/webp"}],"author":"DataTalk","twitter_card":"summary_large_image","twitter_misc":{"Napsal(a)":"DataTalk","Odhadovan\u00e1 doba \u010dten\u00ed":"1 minuta"},"schema":{"@context":"https:\/\/schema.org","@graph":[{"@type":"Article","@id":"https:\/\/www.data-talk.eu\/cs\/novy-rok-nove-prostredi\/#article","isPartOf":{"@id":"https:\/\/www.data-talk.eu\/cs\/novy-rok-nove-prostredi\/"},"author":{"name":"DataTalk","@id":"https:\/\/www.data-talk.eu\/#\/schema\/person\/0b92f5798b28821246d98b96a67161a8"},"headline":"Nov\u00fd rok, nov\u00e9 prost\u0159ed\u00ed","datePublished":"2026-01-06T13:18:04+00:00","dateModified":"2026-01-07T12:24:55+00:00","mainEntityOfPage":{"@id":"https:\/\/www.data-talk.eu\/cs\/novy-rok-nove-prostredi\/"},"wordCount":130,"commentCount":0,"image":{"@id":"https:\/\/www.data-talk.eu\/cs\/novy-rok-nove-prostredi\/#primaryimage"},"thumbnailUrl":"https:\/\/www.data-talk.eu\/wp-content\/uploads\/2026\/01\/Building-the-future-cover.webp","articleSection":["Novinky"],"inLanguage":"cs","potentialAction":[{"@type":"CommentAction","name":"Comment","target":["https:\/\/www.data-talk.eu\/cs\/novy-rok-nove-prostredi\/#respond"]}]},{"@type":"WebPage","@id":"https:\/\/www.data-talk.eu\/cs\/novy-rok-nove-prostredi\/","url":"https:\/\/www.data-talk.eu\/cs\/novy-rok-nove-prostredi\/","name":"Nov\u00e9 v\u00fdvojov\u00e9 centrum","isPartOf":{"@id":"https:\/\/www.data-talk.eu\/#website"},"primaryImageOfPage":{"@id":"https:\/\/www.data-talk.eu\/cs\/novy-rok-nove-prostredi\/#primaryimage"},"image":{"@id":"https:\/\/www.data-talk.eu\/cs\/novy-rok-nove-prostredi\/#primaryimage"},"thumbnailUrl":"https:\/\/www.data-talk.eu\/wp-content\/uploads\/2026\/01\/Building-the-future-cover.webp","datePublished":"2026-01-06T13:18:04+00:00","dateModified":"2026-01-07T12:24:55+00:00","author":{"@id":"https:\/\/www.data-talk.eu\/#\/schema\/person\/0b92f5798b28821246d98b96a67161a8"},"description":"Proto\u017ee jsme letos byli opravdu hodn\u00ed \ud83d\ude0a, nad\u011blili jsme si mal\u00fd d\u00e1rek: zcela nov\u00e9 kancel\u00e1\u0159e pro na\u0161e v\u00fdvojov\u00e9 odd\u011blen\u00ed!","breadcrumb":{"@id":"https:\/\/www.data-talk.eu\/cs\/novy-rok-nove-prostredi\/#breadcrumb"},"inLanguage":"cs","potentialAction":[{"@type":"ReadAction","target":["https:\/\/www.data-talk.eu\/cs\/novy-rok-nove-prostredi\/"]}]},{"@type":"ImageObject","inLanguage":"cs","@id":"https:\/\/www.data-talk.eu\/cs\/novy-rok-nove-prostredi\/#primaryimage","url":"https:\/\/www.data-talk.eu\/wp-content\/uploads\/2026\/01\/Building-the-future-cover.webp","contentUrl":"https:\/\/www.data-talk.eu\/wp-content\/uploads\/2026\/01\/Building-the-future-cover.webp","width":1024,"height":1024,"caption":"DataTalk vila"},{"@type":"BreadcrumbList","@id":"https:\/\/www.data-talk.eu\/cs\/novy-rok-nove-prostredi\/#breadcrumb","itemListElement":[{"@type":"ListItem","position":1,"name":"Dom\u016f","item":"https:\/\/www.data-talk.eu\/cs\/"},{"@type":"ListItem","position":2,"name":"Nov\u00fd rok, nov\u00e9 prost\u0159ed\u00ed"}]},{"@type":"WebSite","@id":"https:\/\/www.data-talk.eu\/#website","url":"https:\/\/www.data-talk.eu\/","name":"data-talk.eu","description":"DataTalk","potentialAction":[{"@type":"SearchAction","target":{"@type":"EntryPoint","urlTemplate":"https:\/\/www.data-talk.eu\/?s={search_term_string}"},"query-input":{"@type":"PropertyValueSpecification","valueRequired":true,"valueName":"search_term_string"}}],"inLanguage":"cs"},{"@type":"Person","@id":"https:\/\/www.data-talk.eu\/#\/schema\/person\/0b92f5798b28821246d98b96a67161a8","name":"DataTalk","image":{"@type":"ImageObject","inLanguage":"cs","@id":"https:\/\/secure.gravatar.com\/avatar\/426a23f3fdd7d29cdb11bb518fdfe3945aaf9b6e7906a462687ab0bc0d37501c?s=96&d=mm&r=g","url":"https:\/\/secure.gravatar.com\/avatar\/426a23f3fdd7d29cdb11bb518fdfe3945aaf9b6e7906a462687ab0bc0d37501c?s=96&d=mm&r=g","contentUrl":"https:\/\/secure.gravatar.com\/avatar\/426a23f3fdd7d29cdb11bb518fdfe3945aaf9b6e7906a462687ab0bc0d37501c?s=96&d=mm&r=g","caption":"DataTalk"},"url":"https:\/\/www.data-talk.eu\/cs\/author\/bplaminkova\/"}]}},"uagb_featured_image_src":{"full":["https:\/\/www.data-talk.eu\/wp-content\/uploads\/2026\/01\/Building-the-future-cover.webp",1024,1024,false],"thumbnail":["https:\/\/www.data-talk.eu\/wp-content\/uploads\/2026\/01\/Building-the-future-cover-150x150.webp",150,150,true],"medium":["https:\/\/www.data-talk.eu\/wp-content\/uploads\/2026\/01\/Building-the-future-cover-300x300.webp",300,300,true],"medium_large":["https:\/\/www.data-talk.eu\/wp-content\/uploads\/2026\/01\/Building-the-future-cover-768x768.webp",768,768,true],"large":["https:\/\/www.data-talk.eu\/wp-content\/uploads\/2026\/01\/Building-the-future-cover.webp",1024,1024,false],"1536x1536":["https:\/\/www.data-talk.eu\/wp-content\/uploads\/2026\/01\/Building-the-future-cover.webp",1024,1024,false],"2048x2048":["https:\/\/www.data-talk.eu\/wp-content\/uploads\/2026\/01\/Building-the-future-cover.webp",1024,1024,false]},"uagb_author_info":{"display_name":"DataTalk","author_link":"https:\/\/www.data-talk.eu\/cs\/author\/bplaminkova\/"},"uagb_comment_info":0,"uagb_excerpt":"Happy New Year! To celebrate a fresh start and because we\u2019ve been extra good","_links":{"self":[{"href":"https:\/\/www.data-talk.eu\/cs\/wp-json\/wp\/v2\/posts\/7916","targetHints":{"allow":["GET"]}}],"collection":[{"href":"https:\/\/www.data-talk.eu\/cs\/wp-json\/wp\/v2\/posts"}],"about":[{"href":"https:\/\/www.data-talk.eu\/cs\/wp-json\/wp\/v2\/types\/post"}],"author":[{"embeddable":true,"href":"https:\/\/www.data-talk.eu\/cs\/wp-json\/wp\/v2\/users\/5"}],"replies":[{"embeddable":true,"href":"https:\/\/www.data-talk.eu\/cs\/wp-json\/wp\/v2\/comments?post=7916"}],"version-history":[{"count":1,"href":"https:\/\/www.data-talk.eu\/cs\/wp-json\/wp\/v2\/posts\/7916\/revisions"}],"predecessor-version":[{"id":7917,"href":"https:\/\/www.data-talk.eu\/cs\/wp-json\/wp\/v2\/posts\/7916\/revisions\/7917"}],"wp:featuredmedia":[{"embeddable":true,"href":"https:\/\/www.data-talk.eu\/cs\/wp-json\/wp\/v2\/media\/7910"}],"wp:attachment":[{"href":"https:\/\/www.data-talk.eu\/cs\/wp-json\/wp\/v2\/media?parent=7916"}],"wp:term":[{"taxonomy":"category","embeddable":true,"href":"https:\/\/www.data-talk.eu\/cs\/wp-json\/wp\/v2\/categories?post=7916"},{"taxonomy":"post_tag","embeddable":true,"href":"https:\/\/www.data-talk.eu\/cs\/wp-json\/wp\/v2\/tags?post=7916"}],"curies":[{"name":"wp","href":"https:\/\/api.w.org\/{rel}","templated":true}]}}